{"id":1899,"date":"2015-08-25T22:48:35","date_gmt":"2015-08-25T20:48:35","guid":{"rendered":"http:\/\/murzyn.vc-mp.eu\/blok\/?p=1899"},"modified":"2015-08-25T22:48:35","modified_gmt":"2015-08-25T20:48:35","slug":"wojne-wygramy-kiedys","status":"publish","type":"post","link":"https:\/\/murzyn.vc-mp.eu\/blok\/wojne-wygramy-kiedys\/","title":{"rendered":"&#8230; wojn\u0119 wygramy! Kiedy\u015b."},"content":{"rendered":"<p>Notka jak i tytu\u0142 s\u0105 doko\u0144czeniem wpisu <a href=\"http:\/\/murzyn.vc-mp.eu\/blok\/przegralismy-bitwe-ale\/\" target=\"_blank\">Przegrali\u015bmy bitw\u0119, ale&#8230;<\/a><\/p>\n<p>Uda\u0142o mi si\u0119 dzisiaj porozmawia\u0107 z Nasz\u0105 Ostatni\u0105 Nadziej\u0105 w sprawie przywr\u00f3cenia mod\u00f3w do 0.4. W rozmowie stwierdzi\u0142, \u017ce nigdy nie u\u017cywa\u0142 mod\u00f3w ( :O ) i nie jest zaanga\u017cowany w rozw\u00f3j \u017cadnego serwera, wi\u0119c nie ma poj\u0119cia, czy zablokowanie mod\u00f3w przynios\u0142o jaki\u015b skutek czy nie.<\/p>\n<p>Nast\u0119pnie powiedzia\u0142, \u017ce <strong>ma w planach przywr\u00f3cenie mod\u00f3w.<\/strong> Tylko, \u017ce p\u00f3ki co jest to plan, bo cz\u0119sto go nie ma albo jest leniwy, wi\u0119c nie wiadomo kiedy mo\u017cna si\u0119 spodziewa\u0107 powrotu modyfikacji do VCMP.<\/p>\n<p>Odblokowanie mod\u00f3w ma zale\u017ce\u0107 od administrator\u00f3w serwer\u00f3w. Maj\u0105 oni zarz\u0105dza\u0107 list\u0105 dozwolonych modyfikacji. Doda\u0142em do rozmowy, \u017ce skoro ju\u017c tyle zostanie zrobione, to mo\u017cna tez doda\u0107 opcj\u0119 &#8222;zezwalaj na wszystkie mody&#8221;, ale niestety on ju\u017c wtedy spierdoli\u0142 \ud83d\ude1b .<\/p>\n<p><strong>Wi\u0119c jak Z\u0142ote Dziecko? Nadal tak bardzo b\u0119dziesz cwaniaczy\u0107, \u017ce zablokowa\u0142e\u015b wraz z deweloperami LU mody w VCMP?<\/strong><\/p>\n<p>Mo\u017cna wi\u0119c powiedzie\u0107, \u017ce wojn\u0119 wygramy. Tylko jeszcze nie dzi\u015b. Ani jutro. Szkoda, \u017ce b\u0119dziemy musieli czeka\u0107, ale w mi\u0119dzy czasie zawsze mo\u017cemy korzysta\u0107 z asi loadera \ud83d\ude42 .<\/p>\n","protected":false},"excerpt":{"rendered":"<p>Notka jak i tytu\u0142 s\u0105 doko\u0144czeniem wpisu Przegrali\u015bmy bitw\u0119, ale&#8230; Uda\u0142o mi si\u0119 dzisiaj porozmawia\u0107 z Nasz\u0105 Ostatni\u0105 Nadziej\u0105 w sprawie przywr\u00f3cenia mod\u00f3w do 0.4. W rozmowie stwierdzi\u0142, \u017ce nigdy nie u\u017cywa\u0142 mod\u00f3w ( :O ) i nie jest zaanga\u017cowany w rozw\u00f3j \u017cadnego serwera, wi\u0119c nie ma poj\u0119cia, czy zablokowanie mod\u00f3w przynios\u0142o jaki\u015b skutek czy [&hellip;]<\/p>\n","protected":false},"author":1,"featured_media":0,"comment_status":"open","ping_status":"open","sticky":false,"template":"","format":"standard","meta":{"footnotes":""},"categories":[5],"tags":[],"class_list":["post-1899","post","type-post","status-publish","format-standard","hentry","category-vice-city"],"yoast_head":"<!-- This site is optimized with the Yoast SEO plugin v27.4 - https:\/\/yoast.com\/product\/yoast-seo-wordpress\/ -->\n<title>... wojn\u0119 wygramy! Kiedy\u015b. - K\u0105cik NC<\/title>\n<meta name=\"robots\" content=\"index, follow, max-snippet:-1, max-image-preview:large, max-video-preview:-1\" \/>\n<link rel=\"canonical\" href=\"https:\/\/murzyn.vc-mp.eu\/blok\/wojne-wygramy-kiedys\/\" \/>\n<meta property=\"og:locale\" content=\"pl_PL\" \/>\n<meta property=\"og:type\" content=\"article\" \/>\n<meta property=\"og:title\" content=\"... wojn\u0119 wygramy! Kiedy\u015b. - K\u0105cik NC\" \/>\n<meta property=\"og:description\" content=\"Notka jak i tytu\u0142 s\u0105 doko\u0144czeniem wpisu Przegrali\u015bmy bitw\u0119, ale&#8230; Uda\u0142o mi si\u0119 dzisiaj porozmawia\u0107 z Nasz\u0105 Ostatni\u0105 Nadziej\u0105 w sprawie przywr\u00f3cenia mod\u00f3w do 0.4. W rozmowie stwierdzi\u0142, \u017ce nigdy nie u\u017cywa\u0142 mod\u00f3w ( :O ) i nie jest zaanga\u017cowany w rozw\u00f3j \u017cadnego serwera, wi\u0119c nie ma poj\u0119cia, czy zablokowanie mod\u00f3w przynios\u0142o jaki\u015b skutek czy [&hellip;]\" \/>\n<meta property=\"og:url\" content=\"https:\/\/murzyn.vc-mp.eu\/blok\/wojne-wygramy-kiedys\/\" \/>\n<meta property=\"og:site_name\" content=\"K\u0105cik NC\" \/>\n<meta property=\"article:published_time\" content=\"2015-08-25T20:48:35+00:00\" \/>\n<meta name=\"author\" content=\"NC\" \/>\n<meta name=\"twitter:card\" content=\"summary_large_image\" \/>\n<meta name=\"twitter:label1\" content=\"Napisane przez\" \/>\n\t<meta name=\"twitter:data1\" content=\"NC\" \/>\n\t<meta name=\"twitter:label2\" content=\"Szacowany czas czytania\" \/>\n\t<meta name=\"twitter:data2\" content=\"1 minuta\" \/>\n<script type=\"application\/ld+json\" class=\"yoast-schema-graph\">{\"@context\":\"https:\\\/\\\/schema.org\",\"@graph\":[{\"@type\":\"Article\",\"@id\":\"https:\\\/\\\/murzyn.vc-mp.eu\\\/blok\\\/wojne-wygramy-kiedys\\\/#article\",\"isPartOf\":{\"@id\":\"https:\\\/\\\/murzyn.vc-mp.eu\\\/blok\\\/wojne-wygramy-kiedys\\\/\"},\"author\":{\"name\":\"NC\",\"@id\":\"https:\\\/\\\/murzyn.vc-mp.eu\\\/blok\\\/#\\\/schema\\\/person\\\/f7facdb0265b0940295aebe1b982069c\"},\"headline\":\"&#8230; wojn\u0119 wygramy! Kiedy\u015b.\",\"datePublished\":\"2015-08-25T20:48:35+00:00\",\"mainEntityOfPage\":{\"@id\":\"https:\\\/\\\/murzyn.vc-mp.eu\\\/blok\\\/wojne-wygramy-kiedys\\\/\"},\"wordCount\":209,\"commentCount\":1,\"publisher\":{\"@id\":\"https:\\\/\\\/murzyn.vc-mp.eu\\\/blok\\\/#\\\/schema\\\/person\\\/f7facdb0265b0940295aebe1b982069c\"},\"articleSection\":[\"Vice City\"],\"inLanguage\":\"pl-PL\",\"potentialAction\":[{\"@type\":\"CommentAction\",\"name\":\"Comment\",\"target\":[\"https:\\\/\\\/murzyn.vc-mp.eu\\\/blok\\\/wojne-wygramy-kiedys\\\/#respond\"]}]},{\"@type\":\"WebPage\",\"@id\":\"https:\\\/\\\/murzyn.vc-mp.eu\\\/blok\\\/wojne-wygramy-kiedys\\\/\",\"url\":\"https:\\\/\\\/murzyn.vc-mp.eu\\\/blok\\\/wojne-wygramy-kiedys\\\/\",\"name\":\"... wojn\u0119 wygramy! Kiedy\u015b. - K\u0105cik NC\",\"isPartOf\":{\"@id\":\"https:\\\/\\\/murzyn.vc-mp.eu\\\/blok\\\/#website\"},\"datePublished\":\"2015-08-25T20:48:35+00:00\",\"breadcrumb\":{\"@id\":\"https:\\\/\\\/murzyn.vc-mp.eu\\\/blok\\\/wojne-wygramy-kiedys\\\/#breadcrumb\"},\"inLanguage\":\"pl-PL\",\"potentialAction\":[{\"@type\":\"ReadAction\",\"target\":[\"https:\\\/\\\/murzyn.vc-mp.eu\\\/blok\\\/wojne-wygramy-kiedys\\\/\"]}]},{\"@type\":\"BreadcrumbList\",\"@id\":\"https:\\\/\\\/murzyn.vc-mp.eu\\\/blok\\\/wojne-wygramy-kiedys\\\/#breadcrumb\",\"itemListElement\":[{\"@type\":\"ListItem\",\"position\":1,\"name\":\"Strona g\u0142\u00f3wna\",\"item\":\"https:\\\/\\\/murzyn.vc-mp.eu\\\/blok\\\/\"},{\"@type\":\"ListItem\",\"position\":2,\"name\":\"&#8230; wojn\u0119 wygramy! Kiedy\u015b.\"}]},{\"@type\":\"WebSite\",\"@id\":\"https:\\\/\\\/murzyn.vc-mp.eu\\\/blok\\\/#website\",\"url\":\"https:\\\/\\\/murzyn.vc-mp.eu\\\/blok\\\/\",\"name\":\"K\u0105cik NC\",\"description\":\"Poprawnie politycznie, za to niepoprawnie lirycznie.\",\"publisher\":{\"@id\":\"https:\\\/\\\/murzyn.vc-mp.eu\\\/blok\\\/#\\\/schema\\\/person\\\/f7facdb0265b0940295aebe1b982069c\"},\"potentialAction\":[{\"@type\":\"SearchAction\",\"target\":{\"@type\":\"EntryPoint\",\"urlTemplate\":\"https:\\\/\\\/murzyn.vc-mp.eu\\\/blok\\\/?s={search_term_string}\"},\"query-input\":{\"@type\":\"PropertyValueSpecification\",\"valueRequired\":true,\"valueName\":\"search_term_string\"}}],\"inLanguage\":\"pl-PL\"},{\"@type\":[\"Person\",\"Organization\"],\"@id\":\"https:\\\/\\\/murzyn.vc-mp.eu\\\/blok\\\/#\\\/schema\\\/person\\\/f7facdb0265b0940295aebe1b982069c\",\"name\":\"NC\",\"image\":{\"@type\":\"ImageObject\",\"inLanguage\":\"pl-PL\",\"@id\":\"https:\\\/\\\/secure.gravatar.com\\\/avatar\\\/74f791cd34280991813336136d9b4be2e89ac0fe9c5ccac8946ae38d7f9bdbf1?s=96&d=blank&r=g\",\"url\":\"https:\\\/\\\/secure.gravatar.com\\\/avatar\\\/74f791cd34280991813336136d9b4be2e89ac0fe9c5ccac8946ae38d7f9bdbf1?s=96&d=blank&r=g\",\"contentUrl\":\"https:\\\/\\\/secure.gravatar.com\\\/avatar\\\/74f791cd34280991813336136d9b4be2e89ac0fe9c5ccac8946ae38d7f9bdbf1?s=96&d=blank&r=g\",\"caption\":\"NC\"},\"logo\":{\"@id\":\"https:\\\/\\\/secure.gravatar.com\\\/avatar\\\/74f791cd34280991813336136d9b4be2e89ac0fe9c5ccac8946ae38d7f9bdbf1?s=96&d=blank&r=g\"},\"sameAs\":[\"https:\\\/\\\/murzyn.vc-mp.eu\"]}]}<\/script>\n<!-- \/ Yoast SEO plugin. -->","yoast_head_json":{"title":"... wojn\u0119 wygramy! Kiedy\u015b. - K\u0105cik NC","robots":{"index":"index","follow":"follow","max-snippet":"max-snippet:-1","max-image-preview":"max-image-preview:large","max-video-preview":"max-video-preview:-1"},"canonical":"https:\/\/murzyn.vc-mp.eu\/blok\/wojne-wygramy-kiedys\/","og_locale":"pl_PL","og_type":"article","og_title":"... wojn\u0119 wygramy! Kiedy\u015b. - K\u0105cik NC","og_description":"Notka jak i tytu\u0142 s\u0105 doko\u0144czeniem wpisu Przegrali\u015bmy bitw\u0119, ale&#8230; Uda\u0142o mi si\u0119 dzisiaj porozmawia\u0107 z Nasz\u0105 Ostatni\u0105 Nadziej\u0105 w sprawie przywr\u00f3cenia mod\u00f3w do 0.4. W rozmowie stwierdzi\u0142, \u017ce nigdy nie u\u017cywa\u0142 mod\u00f3w ( :O ) i nie jest zaanga\u017cowany w rozw\u00f3j \u017cadnego serwera, wi\u0119c nie ma poj\u0119cia, czy zablokowanie mod\u00f3w przynios\u0142o jaki\u015b skutek czy [&hellip;]","og_url":"https:\/\/murzyn.vc-mp.eu\/blok\/wojne-wygramy-kiedys\/","og_site_name":"K\u0105cik NC","article_published_time":"2015-08-25T20:48:35+00:00","author":"NC","twitter_card":"summary_large_image","twitter_misc":{"Napisane przez":"NC","Szacowany czas czytania":"1 minuta"},"schema":{"@context":"https:\/\/schema.org","@graph":[{"@type":"Article","@id":"https:\/\/murzyn.vc-mp.eu\/blok\/wojne-wygramy-kiedys\/#article","isPartOf":{"@id":"https:\/\/murzyn.vc-mp.eu\/blok\/wojne-wygramy-kiedys\/"},"author":{"name":"NC","@id":"https:\/\/murzyn.vc-mp.eu\/blok\/#\/schema\/person\/f7facdb0265b0940295aebe1b982069c"},"headline":"&#8230; wojn\u0119 wygramy! Kiedy\u015b.","datePublished":"2015-08-25T20:48:35+00:00","mainEntityOfPage":{"@id":"https:\/\/murzyn.vc-mp.eu\/blok\/wojne-wygramy-kiedys\/"},"wordCount":209,"commentCount":1,"publisher":{"@id":"https:\/\/murzyn.vc-mp.eu\/blok\/#\/schema\/person\/f7facdb0265b0940295aebe1b982069c"},"articleSection":["Vice City"],"inLanguage":"pl-PL","potentialAction":[{"@type":"CommentAction","name":"Comment","target":["https:\/\/murzyn.vc-mp.eu\/blok\/wojne-wygramy-kiedys\/#respond"]}]},{"@type":"WebPage","@id":"https:\/\/murzyn.vc-mp.eu\/blok\/wojne-wygramy-kiedys\/","url":"https:\/\/murzyn.vc-mp.eu\/blok\/wojne-wygramy-kiedys\/","name":"... wojn\u0119 wygramy! Kiedy\u015b. - K\u0105cik NC","isPartOf":{"@id":"https:\/\/murzyn.vc-mp.eu\/blok\/#website"},"datePublished":"2015-08-25T20:48:35+00:00","breadcrumb":{"@id":"https:\/\/murzyn.vc-mp.eu\/blok\/wojne-wygramy-kiedys\/#breadcrumb"},"inLanguage":"pl-PL","potentialAction":[{"@type":"ReadAction","target":["https:\/\/murzyn.vc-mp.eu\/blok\/wojne-wygramy-kiedys\/"]}]},{"@type":"BreadcrumbList","@id":"https:\/\/murzyn.vc-mp.eu\/blok\/wojne-wygramy-kiedys\/#breadcrumb","itemListElement":[{"@type":"ListItem","position":1,"name":"Strona g\u0142\u00f3wna","item":"https:\/\/murzyn.vc-mp.eu\/blok\/"},{"@type":"ListItem","position":2,"name":"&#8230; wojn\u0119 wygramy! Kiedy\u015b."}]},{"@type":"WebSite","@id":"https:\/\/murzyn.vc-mp.eu\/blok\/#website","url":"https:\/\/murzyn.vc-mp.eu\/blok\/","name":"K\u0105cik NC","description":"Poprawnie politycznie, za to niepoprawnie lirycznie.","publisher":{"@id":"https:\/\/murzyn.vc-mp.eu\/blok\/#\/schema\/person\/f7facdb0265b0940295aebe1b982069c"},"potentialAction":[{"@type":"SearchAction","target":{"@type":"EntryPoint","urlTemplate":"https:\/\/murzyn.vc-mp.eu\/blok\/?s={search_term_string}"},"query-input":{"@type":"PropertyValueSpecification","valueRequired":true,"valueName":"search_term_string"}}],"inLanguage":"pl-PL"},{"@type":["Person","Organization"],"@id":"https:\/\/murzyn.vc-mp.eu\/blok\/#\/schema\/person\/f7facdb0265b0940295aebe1b982069c","name":"NC","image":{"@type":"ImageObject","inLanguage":"pl-PL","@id":"https:\/\/secure.gravatar.com\/avatar\/74f791cd34280991813336136d9b4be2e89ac0fe9c5ccac8946ae38d7f9bdbf1?s=96&d=blank&r=g","url":"https:\/\/secure.gravatar.com\/avatar\/74f791cd34280991813336136d9b4be2e89ac0fe9c5ccac8946ae38d7f9bdbf1?s=96&d=blank&r=g","contentUrl":"https:\/\/secure.gravatar.com\/avatar\/74f791cd34280991813336136d9b4be2e89ac0fe9c5ccac8946ae38d7f9bdbf1?s=96&d=blank&r=g","caption":"NC"},"logo":{"@id":"https:\/\/secure.gravatar.com\/avatar\/74f791cd34280991813336136d9b4be2e89ac0fe9c5ccac8946ae38d7f9bdbf1?s=96&d=blank&r=g"},"sameAs":["https:\/\/murzyn.vc-mp.eu"]}]}},"_links":{"self":[{"href":"https:\/\/murzyn.vc-mp.eu\/blok\/wp-json\/wp\/v2\/posts\/1899","targetHints":{"allow":["GET"]}}],"collection":[{"href":"https:\/\/murzyn.vc-mp.eu\/blok\/wp-json\/wp\/v2\/posts"}],"about":[{"href":"https:\/\/murzyn.vc-mp.eu\/blok\/wp-json\/wp\/v2\/types\/post"}],"author":[{"embeddable":true,"href":"https:\/\/murzyn.vc-mp.eu\/blok\/wp-json\/wp\/v2\/users\/1"}],"replies":[{"embeddable":true,"href":"https:\/\/murzyn.vc-mp.eu\/blok\/wp-json\/wp\/v2\/comments?post=1899"}],"version-history":[{"count":1,"href":"https:\/\/murzyn.vc-mp.eu\/blok\/wp-json\/wp\/v2\/posts\/1899\/revisions"}],"predecessor-version":[{"id":1900,"href":"https:\/\/murzyn.vc-mp.eu\/blok\/wp-json\/wp\/v2\/posts\/1899\/revisions\/1900"}],"wp:attachment":[{"href":"https:\/\/murzyn.vc-mp.eu\/blok\/wp-json\/wp\/v2\/media?parent=1899"}],"wp:term":[{"taxonomy":"category","embeddable":true,"href":"https:\/\/murzyn.vc-mp.eu\/blok\/wp-json\/wp\/v2\/categories?post=1899"},{"taxonomy":"post_tag","embeddable":true,"href":"https:\/\/murzyn.vc-mp.eu\/blok\/wp-json\/wp\/v2\/tags?post=1899"}],"curies":[{"name":"wp","href":"https:\/\/api.w.org\/{rel}","templated":true}]}}