{"id":2393,"date":"2016-04-27T16:06:57","date_gmt":"2016-04-27T14:06:57","guid":{"rendered":"http:\/\/murzyn.vc-mp.eu\/blok\/?p=2393"},"modified":"2016-06-16T17:46:55","modified_gmt":"2016-06-16T15:46:55","slug":"uleglosc-houellebecq-recenzja","status":"publish","type":"post","link":"https:\/\/murzyn.vc-mp.eu\/blok\/uleglosc-houellebecq-recenzja\/","title":{"rendered":"Uleg\u0142o\u015b\u0107 Houellebecq recenzja"},"content":{"rendered":"<p style=\"text-align: center;\"><img loading=\"lazy\" decoding=\"async\" class=\"alignnone\" src=\"http:\/\/malamiczyta.blox.pl\/resource\/9788328021204.jpg\" alt=\"\" width=\"450\" height=\"450\" \/><\/p>\n<p style=\"text-align: justify;\">Je\u015bli kto\u015b chce wiedzie\u0107, jak zrobi\u0107 wzorow\u0105 promocj\u0119, powinien bra\u0107 przyk\u0142ad z &#8222;Uleg\u0142o\u015bci&#8221;. Ksi\u0105\u017cka francuskiego pisarza mia\u0142a swoj\u0105 premier\u0119 w dniu <a href=\"https:\/\/pl.wikipedia.org\/wiki\/Zamach_na_redakcj%C4%99_Charlie_Hebdo\" target=\"_blank\">zamachu<\/a> na redakcj\u0119 Charlie Hebdo. Polski przek\u0142ad pojawi\u0142 si\u0119 w trakcie nap\u0142ywu fali uchod\u017ac\u00f3w. A sama ksi\u0105\u017cka opowiada o tym, jak Islam zaczyna dominowa\u0107 we Francji i w konsekwencji w ca\u0142ej Europie.<\/p>\n<p style=\"text-align: justify;\">Nic wi\u0119c dziwnego, \u017ce o tytule by\u0142o g\u0142o\u015bno w mediach. Postanowi\u0142em wi\u0119c\u00a0po ksi\u0105\u017ck\u0119 si\u0119gn\u0105\u0107\u00a0i musz\u0119 przyzna\u0107, \u017ce nie tego oczekiwa\u0142em.<\/p>\n<p style=\"text-align: left;\"><strong>Ocena: 3+\/5.<\/strong><\/p>\n<p style=\"text-align: left;\">\n<div class='easySpoilerWrapper' style=''>\n<table class='easySpoilerTable' border='0' style='text-align:center;' align='center' bgcolor='FFFFFF' >\n\n<tr style='white-space:normal;'>\n<th class='easySpoilerTitleA' style='white-space:normal;font-weight:normal;text-align:left;vertical-align:middle;font-size:120%;color:#000000;'>Spojler<\/th>\n<th class='easySpoilerTitleB'style='text-align:right;vertical-align:middle;font-size:100%; white-space:nowrap;'><a href=''  class='easySpoilerButtonOther' style='font-size:100%;color:#000000;background-color:#fcfcfc;background-image:none;border: 1px inset;border-style:solid;border-color:#cccccc;display:none; margin: 3px 0px 3px; padding: 4px; ' align='right'>Dupa<\/a><a href='' onclick='wpSpoilerToggle(\"spoilerDiv3bb18001\",true,\"Poka\u017c\",\"Schowaj\",\"fast\",false); return false;' id='spoilerDiv3bb18001_action' class='easySpoilerButton' value=\"Poka\u017c\" align='right' style='font-size:100%;color:#000000;background-color:#fcfcfc;background-image:none;border: 1px inset;border-style:solid;border-color:#cccccc; margin: 3px 0px 3px 5px; padding: 4px;'>Poka\u017c<\/><\/th>\n<\/tr>\n<tr><td class='easySpoilerRow' colspan='2' style=''><div id='spoilerDiv3bb18001' class='easySpoilerSpoils'  style='display:none; white-space:wrap; overflow:auto; vertical-align:middle;'>\n<\/p>\n<p style=\"text-align: justify;\">G\u0142\u00f3wny bohater jest pracownikiem szko\u0142y wy\u017cszej, cenionym w swoim gronie, lubi si\u0119ga\u0107 po alkohol i mie\u0107 przelotne romanse ze studentkami. Czuje si\u0119 samotnikiem, z rodzicami nie ma kontaktu, w Boga nie wierzy.<\/p>\n<p style=\"text-align: justify;\">W czasie akcji powie\u015bci, we Francji osadzonej w roku 2022, trwaj\u0105 wybory prezydenckie, gdzie w drugiej turze nast\u0119puje pojedynek dw\u00f3jki\u00a0kandydat\u00f3w popieranych przez odpowiednio ruchy narodowe oraz partie nastawione na Islam. \u017bycie nie jest bezpieczne &#8211; zamachy, zamieszki, a bohater je\u017adzi sobie tam i z powrotem, autor za\u015b\u00a0zbyt szczeg\u00f3\u0142owo opisuje jego akty seksualne, co mnie bulwersowa\u0142o.<\/p>\n<p style=\"text-align: justify;\">Prezydentem zostaje kandydat islamski. Nast\u0119puj\u0105 zmiany zgodne z jego wiar\u0105 &#8211; kobiety maj\u0105 siedzie\u0107 w domu i zakrywa\u0107 ka\u017cd\u0105 cz\u0119\u015b\u0107 cia\u0142a, m\u0119\u017cczy\u017ani maj\u0105 mie\u0107 kilka \u017con i tworzy\u0107 wsp\u00f3lnie religijn\u0105 rodzin\u0119 (?). Wszyscy przechodz\u0105 na Islam, r\u00f3wnie\u017c g\u0142\u00f3wny bohater. Koniec ko\u0144c\u00f3w wszyscy \u017cyj\u0105 d\u0142ugo i szcz\u0119\u015bliwie podczas gdy islamskie kraje do\u0142\u0105czaj\u0105 do Unii Europejskiej.<\/p>\n<p style=\"text-align: justify;\">Mia\u0142o by\u0107 kontrowersyjnie, by\u0142o nudno. Nie ma przeszk\u00f3d, by po ksi\u0105\u017ck\u0119 nie si\u0119gn\u0105\u0107, ale je\u015bli jej nie przeczytamy, to w\u0142os z g\u0142owy nie spadnie. Osobi\u015bcie liczy\u0142em na wi\u0119cej zwrot\u00f3w akcji i scen buduj\u0105cych napi\u0119cie. W powie\u015bci towarzyszymy ca\u0142y czas g\u0142\u00f3wnemu bohaterowi, ten jednak\u00a0\u017cyje troch\u0119 &#8222;obok&#8217; dziej\u0105cych si\u0119 wydarze\u0144, kt\u00f3re dopiero pod koniec maj\u0105 na niego jaki\u015b realny wp\u0142yw.<\/p>\n<p style=\"text-align: left;\">\n<\/div><\/td><\/tr>\n<\/table>\n<div class='easySpoilerConclude' style=''><table class='easySpoilerTable' border='0' style='text-align:center;' frame='box' align='center' bgcolor='FFFFFF'><tr><th class='easySpoilerEnd' style='width:100%;'><\/th><td class='easySpoilerEnd' style='white-space:nowrap;' colspan='2'><\/td><\/tr><tr><td class='easySpoilerGroupWrapperLastRow' colspan='2' style=''><\/td><\/tr><\/table><\/div>\n<\/div>\n<\/p>\n","protected":false},"excerpt":{"rendered":"<p>Je\u015bli kto\u015b chce wiedzie\u0107, jak zrobi\u0107 wzorow\u0105 promocj\u0119, powinien bra\u0107 przyk\u0142ad z &#8222;Uleg\u0142o\u015bci&#8221;. Ksi\u0105\u017cka francuskiego pisarza mia\u0142a swoj\u0105 premier\u0119 w dniu zamachu na redakcj\u0119 Charlie Hebdo. Polski przek\u0142ad pojawi\u0142 si\u0119 w trakcie nap\u0142ywu fali uchod\u017ac\u00f3w. A sama ksi\u0105\u017cka opowiada o tym, jak Islam zaczyna dominowa\u0107 we Francji i w konsekwencji w ca\u0142ej Europie. Nic wi\u0119c [&hellip;]<\/p>\n","protected":false},"author":1,"featured_media":0,"comment_status":"open","ping_status":"open","sticky":false,"template":"","format":"standard","meta":{"footnotes":""},"categories":[13],"tags":[],"class_list":["post-2393","post","type-post","status-publish","format-standard","hentry","category-artykuly"],"yoast_head":"<!-- This site is optimized with the Yoast SEO plugin v27.4 - https:\/\/yoast.com\/product\/yoast-seo-wordpress\/ -->\n<title>Uleg\u0142o\u015b\u0107 Houellebecq recenzja - K\u0105cik NC<\/title>\n<meta name=\"robots\" content=\"index, follow, max-snippet:-1, max-image-preview:large, max-video-preview:-1\" \/>\n<link rel=\"canonical\" href=\"https:\/\/murzyn.vc-mp.eu\/blok\/uleglosc-houellebecq-recenzja\/\" \/>\n<meta property=\"og:locale\" content=\"pl_PL\" \/>\n<meta property=\"og:type\" content=\"article\" \/>\n<meta property=\"og:title\" content=\"Uleg\u0142o\u015b\u0107 Houellebecq recenzja - K\u0105cik NC\" \/>\n<meta property=\"og:description\" content=\"Je\u015bli kto\u015b chce wiedzie\u0107, jak zrobi\u0107 wzorow\u0105 promocj\u0119, powinien bra\u0107 przyk\u0142ad z &#8222;Uleg\u0142o\u015bci&#8221;. Ksi\u0105\u017cka francuskiego pisarza mia\u0142a swoj\u0105 premier\u0119 w dniu zamachu na redakcj\u0119 Charlie Hebdo. Polski przek\u0142ad pojawi\u0142 si\u0119 w trakcie nap\u0142ywu fali uchod\u017ac\u00f3w. A sama ksi\u0105\u017cka opowiada o tym, jak Islam zaczyna dominowa\u0107 we Francji i w konsekwencji w ca\u0142ej Europie. Nic wi\u0119c [&hellip;]\" \/>\n<meta property=\"og:url\" content=\"https:\/\/murzyn.vc-mp.eu\/blok\/uleglosc-houellebecq-recenzja\/\" \/>\n<meta property=\"og:site_name\" content=\"K\u0105cik NC\" \/>\n<meta property=\"article:published_time\" content=\"2016-04-27T14:06:57+00:00\" \/>\n<meta property=\"article:modified_time\" content=\"2016-06-16T15:46:55+00:00\" \/>\n<meta property=\"og:image\" content=\"http:\/\/malamiczyta.blox.pl\/resource\/9788328021204.jpg\" \/>\n<meta name=\"author\" content=\"NC\" \/>\n<meta name=\"twitter:card\" content=\"summary_large_image\" \/>\n<meta name=\"twitter:label1\" content=\"Napisane przez\" \/>\n\t<meta name=\"twitter:data1\" content=\"NC\" \/>\n\t<meta name=\"twitter:label2\" content=\"Szacowany czas czytania\" \/>\n\t<meta name=\"twitter:data2\" content=\"2 minuty\" \/>\n<script type=\"application\/ld+json\" class=\"yoast-schema-graph\">{\"@context\":\"https:\\\/\\\/schema.org\",\"@graph\":[{\"@type\":\"Article\",\"@id\":\"https:\\\/\\\/murzyn.vc-mp.eu\\\/blok\\\/uleglosc-houellebecq-recenzja\\\/#article\",\"isPartOf\":{\"@id\":\"https:\\\/\\\/murzyn.vc-mp.eu\\\/blok\\\/uleglosc-houellebecq-recenzja\\\/\"},\"author\":{\"name\":\"NC\",\"@id\":\"https:\\\/\\\/murzyn.vc-mp.eu\\\/blok\\\/#\\\/schema\\\/person\\\/f7facdb0265b0940295aebe1b982069c\"},\"headline\":\"Uleg\u0142o\u015b\u0107 Houellebecq recenzja\",\"datePublished\":\"2016-04-27T14:06:57+00:00\",\"dateModified\":\"2016-06-16T15:46:55+00:00\",\"mainEntityOfPage\":{\"@id\":\"https:\\\/\\\/murzyn.vc-mp.eu\\\/blok\\\/uleglosc-houellebecq-recenzja\\\/\"},\"wordCount\":347,\"commentCount\":2,\"publisher\":{\"@id\":\"https:\\\/\\\/murzyn.vc-mp.eu\\\/blok\\\/#\\\/schema\\\/person\\\/f7facdb0265b0940295aebe1b982069c\"},\"image\":{\"@id\":\"https:\\\/\\\/murzyn.vc-mp.eu\\\/blok\\\/uleglosc-houellebecq-recenzja\\\/#primaryimage\"},\"thumbnailUrl\":\"http:\\\/\\\/malamiczyta.blox.pl\\\/resource\\\/9788328021204.jpg\",\"articleSection\":[\"Artyku\u0142y\"],\"inLanguage\":\"pl-PL\",\"potentialAction\":[{\"@type\":\"CommentAction\",\"name\":\"Comment\",\"target\":[\"https:\\\/\\\/murzyn.vc-mp.eu\\\/blok\\\/uleglosc-houellebecq-recenzja\\\/#respond\"]}]},{\"@type\":\"WebPage\",\"@id\":\"https:\\\/\\\/murzyn.vc-mp.eu\\\/blok\\\/uleglosc-houellebecq-recenzja\\\/\",\"url\":\"https:\\\/\\\/murzyn.vc-mp.eu\\\/blok\\\/uleglosc-houellebecq-recenzja\\\/\",\"name\":\"Uleg\u0142o\u015b\u0107 Houellebecq recenzja - K\u0105cik NC\",\"isPartOf\":{\"@id\":\"https:\\\/\\\/murzyn.vc-mp.eu\\\/blok\\\/#website\"},\"primaryImageOfPage\":{\"@id\":\"https:\\\/\\\/murzyn.vc-mp.eu\\\/blok\\\/uleglosc-houellebecq-recenzja\\\/#primaryimage\"},\"image\":{\"@id\":\"https:\\\/\\\/murzyn.vc-mp.eu\\\/blok\\\/uleglosc-houellebecq-recenzja\\\/#primaryimage\"},\"thumbnailUrl\":\"http:\\\/\\\/malamiczyta.blox.pl\\\/resource\\\/9788328021204.jpg\",\"datePublished\":\"2016-04-27T14:06:57+00:00\",\"dateModified\":\"2016-06-16T15:46:55+00:00\",\"breadcrumb\":{\"@id\":\"https:\\\/\\\/murzyn.vc-mp.eu\\\/blok\\\/uleglosc-houellebecq-recenzja\\\/#breadcrumb\"},\"inLanguage\":\"pl-PL\",\"potentialAction\":[{\"@type\":\"ReadAction\",\"target\":[\"https:\\\/\\\/murzyn.vc-mp.eu\\\/blok\\\/uleglosc-houellebecq-recenzja\\\/\"]}]},{\"@type\":\"ImageObject\",\"inLanguage\":\"pl-PL\",\"@id\":\"https:\\\/\\\/murzyn.vc-mp.eu\\\/blok\\\/uleglosc-houellebecq-recenzja\\\/#primaryimage\",\"url\":\"http:\\\/\\\/malamiczyta.blox.pl\\\/resource\\\/9788328021204.jpg\",\"contentUrl\":\"http:\\\/\\\/malamiczyta.blox.pl\\\/resource\\\/9788328021204.jpg\"},{\"@type\":\"BreadcrumbList\",\"@id\":\"https:\\\/\\\/murzyn.vc-mp.eu\\\/blok\\\/uleglosc-houellebecq-recenzja\\\/#breadcrumb\",\"itemListElement\":[{\"@type\":\"ListItem\",\"position\":1,\"name\":\"Strona g\u0142\u00f3wna\",\"item\":\"https:\\\/\\\/murzyn.vc-mp.eu\\\/blok\\\/\"},{\"@type\":\"ListItem\",\"position\":2,\"name\":\"Uleg\u0142o\u015b\u0107 Houellebecq recenzja\"}]},{\"@type\":\"WebSite\",\"@id\":\"https:\\\/\\\/murzyn.vc-mp.eu\\\/blok\\\/#website\",\"url\":\"https:\\\/\\\/murzyn.vc-mp.eu\\\/blok\\\/\",\"name\":\"K\u0105cik NC\",\"description\":\"Poprawnie politycznie, za to niepoprawnie lirycznie.\",\"publisher\":{\"@id\":\"https:\\\/\\\/murzyn.vc-mp.eu\\\/blok\\\/#\\\/schema\\\/person\\\/f7facdb0265b0940295aebe1b982069c\"},\"potentialAction\":[{\"@type\":\"SearchAction\",\"target\":{\"@type\":\"EntryPoint\",\"urlTemplate\":\"https:\\\/\\\/murzyn.vc-mp.eu\\\/blok\\\/?s={search_term_string}\"},\"query-input\":{\"@type\":\"PropertyValueSpecification\",\"valueRequired\":true,\"valueName\":\"search_term_string\"}}],\"inLanguage\":\"pl-PL\"},{\"@type\":[\"Person\",\"Organization\"],\"@id\":\"https:\\\/\\\/murzyn.vc-mp.eu\\\/blok\\\/#\\\/schema\\\/person\\\/f7facdb0265b0940295aebe1b982069c\",\"name\":\"NC\",\"image\":{\"@type\":\"ImageObject\",\"inLanguage\":\"pl-PL\",\"@id\":\"https:\\\/\\\/secure.gravatar.com\\\/avatar\\\/74f791cd34280991813336136d9b4be2e89ac0fe9c5ccac8946ae38d7f9bdbf1?s=96&d=blank&r=g\",\"url\":\"https:\\\/\\\/secure.gravatar.com\\\/avatar\\\/74f791cd34280991813336136d9b4be2e89ac0fe9c5ccac8946ae38d7f9bdbf1?s=96&d=blank&r=g\",\"contentUrl\":\"https:\\\/\\\/secure.gravatar.com\\\/avatar\\\/74f791cd34280991813336136d9b4be2e89ac0fe9c5ccac8946ae38d7f9bdbf1?s=96&d=blank&r=g\",\"caption\":\"NC\"},\"logo\":{\"@id\":\"https:\\\/\\\/secure.gravatar.com\\\/avatar\\\/74f791cd34280991813336136d9b4be2e89ac0fe9c5ccac8946ae38d7f9bdbf1?s=96&d=blank&r=g\"},\"sameAs\":[\"https:\\\/\\\/murzyn.vc-mp.eu\"]}]}<\/script>\n<!-- \/ Yoast SEO plugin. -->","yoast_head_json":{"title":"Uleg\u0142o\u015b\u0107 Houellebecq recenzja - K\u0105cik NC","robots":{"index":"index","follow":"follow","max-snippet":"max-snippet:-1","max-image-preview":"max-image-preview:large","max-video-preview":"max-video-preview:-1"},"canonical":"https:\/\/murzyn.vc-mp.eu\/blok\/uleglosc-houellebecq-recenzja\/","og_locale":"pl_PL","og_type":"article","og_title":"Uleg\u0142o\u015b\u0107 Houellebecq recenzja - K\u0105cik NC","og_description":"Je\u015bli kto\u015b chce wiedzie\u0107, jak zrobi\u0107 wzorow\u0105 promocj\u0119, powinien bra\u0107 przyk\u0142ad z &#8222;Uleg\u0142o\u015bci&#8221;. Ksi\u0105\u017cka francuskiego pisarza mia\u0142a swoj\u0105 premier\u0119 w dniu zamachu na redakcj\u0119 Charlie Hebdo. Polski przek\u0142ad pojawi\u0142 si\u0119 w trakcie nap\u0142ywu fali uchod\u017ac\u00f3w. A sama ksi\u0105\u017cka opowiada o tym, jak Islam zaczyna dominowa\u0107 we Francji i w konsekwencji w ca\u0142ej Europie. Nic wi\u0119c [&hellip;]","og_url":"https:\/\/murzyn.vc-mp.eu\/blok\/uleglosc-houellebecq-recenzja\/","og_site_name":"K\u0105cik NC","article_published_time":"2016-04-27T14:06:57+00:00","article_modified_time":"2016-06-16T15:46:55+00:00","og_image":[{"url":"http:\/\/malamiczyta.blox.pl\/resource\/9788328021204.jpg","type":"","width":"","height":""}],"author":"NC","twitter_card":"summary_large_image","twitter_misc":{"Napisane przez":"NC","Szacowany czas czytania":"2 minuty"},"schema":{"@context":"https:\/\/schema.org","@graph":[{"@type":"Article","@id":"https:\/\/murzyn.vc-mp.eu\/blok\/uleglosc-houellebecq-recenzja\/#article","isPartOf":{"@id":"https:\/\/murzyn.vc-mp.eu\/blok\/uleglosc-houellebecq-recenzja\/"},"author":{"name":"NC","@id":"https:\/\/murzyn.vc-mp.eu\/blok\/#\/schema\/person\/f7facdb0265b0940295aebe1b982069c"},"headline":"Uleg\u0142o\u015b\u0107 Houellebecq recenzja","datePublished":"2016-04-27T14:06:57+00:00","dateModified":"2016-06-16T15:46:55+00:00","mainEntityOfPage":{"@id":"https:\/\/murzyn.vc-mp.eu\/blok\/uleglosc-houellebecq-recenzja\/"},"wordCount":347,"commentCount":2,"publisher":{"@id":"https:\/\/murzyn.vc-mp.eu\/blok\/#\/schema\/person\/f7facdb0265b0940295aebe1b982069c"},"image":{"@id":"https:\/\/murzyn.vc-mp.eu\/blok\/uleglosc-houellebecq-recenzja\/#primaryimage"},"thumbnailUrl":"http:\/\/malamiczyta.blox.pl\/resource\/9788328021204.jpg","articleSection":["Artyku\u0142y"],"inLanguage":"pl-PL","potentialAction":[{"@type":"CommentAction","name":"Comment","target":["https:\/\/murzyn.vc-mp.eu\/blok\/uleglosc-houellebecq-recenzja\/#respond"]}]},{"@type":"WebPage","@id":"https:\/\/murzyn.vc-mp.eu\/blok\/uleglosc-houellebecq-recenzja\/","url":"https:\/\/murzyn.vc-mp.eu\/blok\/uleglosc-houellebecq-recenzja\/","name":"Uleg\u0142o\u015b\u0107 Houellebecq recenzja - K\u0105cik NC","isPartOf":{"@id":"https:\/\/murzyn.vc-mp.eu\/blok\/#website"},"primaryImageOfPage":{"@id":"https:\/\/murzyn.vc-mp.eu\/blok\/uleglosc-houellebecq-recenzja\/#primaryimage"},"image":{"@id":"https:\/\/murzyn.vc-mp.eu\/blok\/uleglosc-houellebecq-recenzja\/#primaryimage"},"thumbnailUrl":"http:\/\/malamiczyta.blox.pl\/resource\/9788328021204.jpg","datePublished":"2016-04-27T14:06:57+00:00","dateModified":"2016-06-16T15:46:55+00:00","breadcrumb":{"@id":"https:\/\/murzyn.vc-mp.eu\/blok\/uleglosc-houellebecq-recenzja\/#breadcrumb"},"inLanguage":"pl-PL","potentialAction":[{"@type":"ReadAction","target":["https:\/\/murzyn.vc-mp.eu\/blok\/uleglosc-houellebecq-recenzja\/"]}]},{"@type":"ImageObject","inLanguage":"pl-PL","@id":"https:\/\/murzyn.vc-mp.eu\/blok\/uleglosc-houellebecq-recenzja\/#primaryimage","url":"http:\/\/malamiczyta.blox.pl\/resource\/9788328021204.jpg","contentUrl":"http:\/\/malamiczyta.blox.pl\/resource\/9788328021204.jpg"},{"@type":"BreadcrumbList","@id":"https:\/\/murzyn.vc-mp.eu\/blok\/uleglosc-houellebecq-recenzja\/#breadcrumb","itemListElement":[{"@type":"ListItem","position":1,"name":"Strona g\u0142\u00f3wna","item":"https:\/\/murzyn.vc-mp.eu\/blok\/"},{"@type":"ListItem","position":2,"name":"Uleg\u0142o\u015b\u0107 Houellebecq recenzja"}]},{"@type":"WebSite","@id":"https:\/\/murzyn.vc-mp.eu\/blok\/#website","url":"https:\/\/murzyn.vc-mp.eu\/blok\/","name":"K\u0105cik NC","description":"Poprawnie politycznie, za to niepoprawnie lirycznie.","publisher":{"@id":"https:\/\/murzyn.vc-mp.eu\/blok\/#\/schema\/person\/f7facdb0265b0940295aebe1b982069c"},"potentialAction":[{"@type":"SearchAction","target":{"@type":"EntryPoint","urlTemplate":"https:\/\/murzyn.vc-mp.eu\/blok\/?s={search_term_string}"},"query-input":{"@type":"PropertyValueSpecification","valueRequired":true,"valueName":"search_term_string"}}],"inLanguage":"pl-PL"},{"@type":["Person","Organization"],"@id":"https:\/\/murzyn.vc-mp.eu\/blok\/#\/schema\/person\/f7facdb0265b0940295aebe1b982069c","name":"NC","image":{"@type":"ImageObject","inLanguage":"pl-PL","@id":"https:\/\/secure.gravatar.com\/avatar\/74f791cd34280991813336136d9b4be2e89ac0fe9c5ccac8946ae38d7f9bdbf1?s=96&d=blank&r=g","url":"https:\/\/secure.gravatar.com\/avatar\/74f791cd34280991813336136d9b4be2e89ac0fe9c5ccac8946ae38d7f9bdbf1?s=96&d=blank&r=g","contentUrl":"https:\/\/secure.gravatar.com\/avatar\/74f791cd34280991813336136d9b4be2e89ac0fe9c5ccac8946ae38d7f9bdbf1?s=96&d=blank&r=g","caption":"NC"},"logo":{"@id":"https:\/\/secure.gravatar.com\/avatar\/74f791cd34280991813336136d9b4be2e89ac0fe9c5ccac8946ae38d7f9bdbf1?s=96&d=blank&r=g"},"sameAs":["https:\/\/murzyn.vc-mp.eu"]}]}},"_links":{"self":[{"href":"https:\/\/murzyn.vc-mp.eu\/blok\/wp-json\/wp\/v2\/posts\/2393","targetHints":{"allow":["GET"]}}],"collection":[{"href":"https:\/\/murzyn.vc-mp.eu\/blok\/wp-json\/wp\/v2\/posts"}],"about":[{"href":"https:\/\/murzyn.vc-mp.eu\/blok\/wp-json\/wp\/v2\/types\/post"}],"author":[{"embeddable":true,"href":"https:\/\/murzyn.vc-mp.eu\/blok\/wp-json\/wp\/v2\/users\/1"}],"replies":[{"embeddable":true,"href":"https:\/\/murzyn.vc-mp.eu\/blok\/wp-json\/wp\/v2\/comments?post=2393"}],"version-history":[{"count":2,"href":"https:\/\/murzyn.vc-mp.eu\/blok\/wp-json\/wp\/v2\/posts\/2393\/revisions"}],"predecessor-version":[{"id":2676,"href":"https:\/\/murzyn.vc-mp.eu\/blok\/wp-json\/wp\/v2\/posts\/2393\/revisions\/2676"}],"wp:attachment":[{"href":"https:\/\/murzyn.vc-mp.eu\/blok\/wp-json\/wp\/v2\/media?parent=2393"}],"wp:term":[{"taxonomy":"category","embeddable":true,"href":"https:\/\/murzyn.vc-mp.eu\/blok\/wp-json\/wp\/v2\/categories?post=2393"},{"taxonomy":"post_tag","embeddable":true,"href":"https:\/\/murzyn.vc-mp.eu\/blok\/wp-json\/wp\/v2\/tags?post=2393"}],"curies":[{"name":"wp","href":"https:\/\/api.w.org\/{rel}","templated":true}]}}